{"id":181,"date":"2024-09-07T11:22:16","date_gmt":"2024-09-07T11:22:16","guid":{"rendered":"https:\/\/gabinetmysliwy.pl\/?p=181"},"modified":"2024-09-07T11:22:55","modified_gmt":"2024-09-07T11:22:55","slug":"struktura-osobowosci","status":"publish","type":"post","link":"https:\/\/gabinetmysliwy.pl\/index.php\/2024\/09\/07\/struktura-osobowosci\/","title":{"rendered":"Struktura osobowo\u015bci"},"content":{"rendered":"\t\t<div data-elementor-type=\"wp-post\" data-elementor-id=\"181\" class=\"elementor elementor-181\">\n\t\t\t\t<div class=\"elementor-element elementor-element-e0813c5 e-flex e-con-boxed e-con e-parent\" data-id=\"e0813c5\" data-element_type=\"container\" data-e-type=\"container\">\n\t\t\t\t\t<div class=\"e-con-inner\">\n\t\t\t\t<div class=\"elementor-element elementor-element-3e673bd elementor-widget elementor-widget-text-editor\" data-id=\"3e673bd\" data-element_type=\"widget\" data-e-type=\"widget\" data-widget_type=\"text-editor.default\">\n\t\t\t\t<div class=\"elementor-widget-container\">\n\t\t\t\t\t\t\t\t\t<p>Struktura osobowo\u015bci wed\u0142ug Otto Kernberga, znanego psychologa i psychoanalityka, jest koncepcj\u0105, kt\u00f3ra odnosi si\u0119 do r\u00f3\u017cnych poziom\u00f3w organizacji osobowo\u015bci. Kernberg wyr\u00f3\u017cnia trzy g\u0142\u00f3wne typy osobowo\u015bci, kt\u00f3re r\u00f3\u017cni\u0105 si\u0119 pod wzgl\u0119dem z\u0142o\u017cono\u015bci i integracji. Oto kr\u00f3tki opis tych typ\u00f3w:<\/p><ol><li><strong> Osobowo\u015b\u0107 psychotyczna<\/strong><\/li><\/ol><ul><li><strong>Charakterystyka<\/strong>: Osoby z psychotyczn\u0105 struktur\u0105 osobowo\u015bci maj\u0105 powa\u017cne problemy z rzeczywisto\u015bci\u0105. Mog\u0105 do\u015bwiadcza\u0107 halucynacji, uroje\u0144 i innych objaw\u00f3w psychotycznych.<\/li><li><strong>Integracja<\/strong>: Niska integracja ego, co prowadzi do trudno\u015bci w rozr\u00f3\u017cnianiu mi\u0119dzy sob\u0105 a innymi.<\/li><li><strong>Relacje interpersonalne<\/strong>: Cz\u0119sto maj\u0105 trudno\u015bci w nawi\u0105zywaniu zdrowych relacji, co mo\u017ce prowadzi\u0107 do izolacji.<\/li><\/ul><ol start=\"2\"><li><strong> Osobowo\u015b\u0107 borderline<\/strong><\/li><\/ol><ul><li><strong>Charakterystyka<\/strong>: Osoby z osobowo\u015bci\u0105 borderline maj\u0105 niestabilne emocje, problemy z to\u017csamo\u015bci\u0105 oraz trudno\u015bci w relacjach interpersonalnych. Cz\u0119sto do\u015bwiadczaj\u0105 skrajnych emocji, takich jak intensywna rado\u015b\u0107 i g\u0142\u0119boki smutek.<\/li><li><strong>Integracja<\/strong>: Cz\u0119\u015bciowa integracja ego, co prowadzi do ambiwalencji w relacjach i postrzeganiu siebie.<\/li><li><strong>Relacje interpersonalne<\/strong>: Cz\u0119sto maj\u0105 intensywne, ale niestabilne relacje, kt\u00f3re mog\u0105 oscylowa\u0107 mi\u0119dzy idealizacj\u0105 a dewaluacj\u0105 innych.<\/li><\/ul><ol start=\"3\"><li><strong> Osobowo\u015b\u0107 neurotyczna<\/strong><\/li><\/ol><ul><li><strong>Charakterystyka<\/strong>: Osoby z neurotyczn\u0105 struktur\u0105 osobowo\u015bci maj\u0105 lepsz\u0105 zdolno\u015b\u0107 do radzenia sobie z rzeczywisto\u015bci\u0105, ale mog\u0105 do\u015bwiadcza\u0107 l\u0119k\u00f3w, depresji i innych problem\u00f3w emocjonalnych.<\/li><li><strong>Integracja<\/strong>: Wysoka integracja ego, co pozwala na lepsze zrozumienie siebie i innych.<\/li><li><strong>Relacje interpersonalne<\/strong>: Zazwyczaj potrafi\u0105 nawi\u0105zywa\u0107 zdrowe relacje, chocia\u017c mog\u0105 mie\u0107 trudno\u015bci z radzeniem sobie z konfliktami.<\/li><\/ul><p><strong>Zastosowanie teorii Kernberga<\/strong><\/p><p>Teoria Kernberga jest cz\u0119sto wykorzystywana w psychoterapii, szczeg\u00f3lnie w kontek\u015bcie terapii os\u00f3b z osobowo\u015bci\u0105 borderline. Pomaga zrozumie\u0107 dynamik\u0119 ich zachowa\u0144 oraz emocji, co mo\u017ce prowadzi\u0107 do skuteczniejszego leczenia.<\/p><p>Struktura osobowo\u015bci wed\u0142ug Kernberga dostarcza cennych informacji na temat r\u00f3\u017cnych typ\u00f3w osobowo\u015bci oraz ich wp\u0142ywu na relacje interpersonalne i funkcjonowanie w spo\u0142ecze\u0144stwie. Zrozumienie tych r\u00f3\u017cnic mo\u017ce by\u0107 kluczowe w pracy terapeutycznej oraz w codziennych interakcjach z innymi.<\/p>\t\t\t\t\t\t\t\t<\/div>\n\t\t\t\t<\/div>\n\t\t\t\t\t<\/div>\n\t\t\t\t<\/div>\n\t\t\t\t<\/div>\n\t\t","protected":false},"excerpt":{"rendered":"<p>Struktura osobowo\u015bci wed\u0142ug Otto Kernberga, znanego psychologa i psychoanalityka, jest koncepcj\u0105, kt\u00f3ra odnosi si\u0119 do r\u00f3\u017cnych poziom\u00f3w organizacji osobowo\u015bci. Kernberg wyr\u00f3\u017cnia trzy g\u0142\u00f3wne typy osobowo\u015bci, kt\u00f3re r\u00f3\u017cni\u0105 si\u0119 pod wzgl\u0119dem z\u0142o\u017cono\u015bci i integracji. Oto kr\u00f3tki opis tych typ\u00f3w: Osobowo\u015b\u0107 psychotyczna Charakterystyka: Osoby z psychotyczn\u0105 struktur\u0105 osobowo\u015bci maj\u0105 powa\u017cne problemy z rzeczywisto\u015bci\u0105. Mog\u0105 do\u015bwiadcza\u0107 halucynacji, uroje\u0144 <a class=\"read-more\" href=\"https:\/\/gabinetmysliwy.pl\/index.php\/2024\/09\/07\/struktura-osobowosci\/\">READ MORE<\/a><\/p>\n","protected":false},"author":1,"featured_media":0,"comment_status":"open","ping_status":"open","sticky":false,"template":"","format":"standard","meta":{"footnotes":""},"categories":[1],"tags":[],"class_list":["post-181","post","type-post","status-publish","format-standard","hentry","category-uncategorized"],"yoast_head":"<!-- This site is optimized with the Yoast SEO plugin v27.5 - https:\/\/yoast.com\/product\/yoast-seo-wordpress\/ -->\n<title>Struktura osobowo\u015bci - Agnieszka My\u015bliwy<\/title>\n<meta name=\"robots\" content=\"index, follow, max-snippet:-1, max-image-preview:large, max-video-preview:-1\" \/>\n<link rel=\"canonical\" href=\"https:\/\/gabinetmysliwy.pl\/index.php\/2024\/09\/07\/struktura-osobowosci\/\" \/>\n<meta property=\"og:locale\" content=\"en_US\" \/>\n<meta property=\"og:type\" content=\"article\" \/>\n<meta property=\"og:title\" content=\"Struktura osobowo\u015bci - Agnieszka My\u015bliwy\" \/>\n<meta property=\"og:description\" content=\"Struktura osobowo\u015bci wed\u0142ug Otto Kernberga, znanego psychologa i psychoanalityka, jest koncepcj\u0105, kt\u00f3ra odnosi si\u0119 do r\u00f3\u017cnych poziom\u00f3w organizacji osobowo\u015bci. Kernberg wyr\u00f3\u017cnia trzy g\u0142\u00f3wne typy osobowo\u015bci, kt\u00f3re r\u00f3\u017cni\u0105 si\u0119 pod wzgl\u0119dem z\u0142o\u017cono\u015bci i integracji. Oto kr\u00f3tki opis tych typ\u00f3w: Osobowo\u015b\u0107 psychotyczna Charakterystyka: Osoby z psychotyczn\u0105 struktur\u0105 osobowo\u015bci maj\u0105 powa\u017cne problemy z rzeczywisto\u015bci\u0105. Mog\u0105 do\u015bwiadcza\u0107 halucynacji, uroje\u0144 READ MORE\" \/>\n<meta property=\"og:url\" content=\"https:\/\/gabinetmysliwy.pl\/index.php\/2024\/09\/07\/struktura-osobowosci\/\" \/>\n<meta property=\"og:site_name\" content=\"Agnieszka My\u015bliwy\" \/>\n<meta property=\"article:publisher\" content=\"https:\/\/www.facebook.com\/profile.php?id=100064282172855\" \/>\n<meta property=\"article:published_time\" content=\"2024-09-07T11:22:16+00:00\" \/>\n<meta property=\"article:modified_time\" content=\"2024-09-07T11:22:55+00:00\" \/>\n<meta name=\"author\" content=\"Agnieszka M.\" \/>\n<meta name=\"twitter:card\" content=\"summary_large_image\" \/>\n<meta name=\"twitter:label1\" content=\"Written by\" \/>\n\t<meta name=\"twitter:data1\" content=\"Agnieszka M.\" \/>\n\t<meta name=\"twitter:label2\" content=\"Est. reading time\" \/>\n\t<meta name=\"twitter:data2\" content=\"2 minutes\" \/>\n<script type=\"application\/ld+json\" class=\"yoast-schema-graph\">{\"@context\":\"https:\\\/\\\/schema.org\",\"@graph\":[{\"@type\":\"Article\",\"@id\":\"https:\\\/\\\/gabinetmysliwy.pl\\\/index.php\\\/2024\\\/09\\\/07\\\/struktura-osobowosci\\\/#article\",\"isPartOf\":{\"@id\":\"https:\\\/\\\/gabinetmysliwy.pl\\\/index.php\\\/2024\\\/09\\\/07\\\/struktura-osobowosci\\\/\"},\"author\":{\"name\":\"Agnieszka M.\",\"@id\":\"https:\\\/\\\/gabinetmysliwy.pl\\\/#\\\/schema\\\/person\\\/6b9886acae5246afb8370c73a128591a\"},\"headline\":\"Struktura osobowo\u015bci\",\"datePublished\":\"2024-09-07T11:22:16+00:00\",\"dateModified\":\"2024-09-07T11:22:55+00:00\",\"mainEntityOfPage\":{\"@id\":\"https:\\\/\\\/gabinetmysliwy.pl\\\/index.php\\\/2024\\\/09\\\/07\\\/struktura-osobowosci\\\/\"},\"wordCount\":333,\"commentCount\":3,\"inLanguage\":\"en-US\",\"potentialAction\":[{\"@type\":\"CommentAction\",\"name\":\"Comment\",\"target\":[\"https:\\\/\\\/gabinetmysliwy.pl\\\/index.php\\\/2024\\\/09\\\/07\\\/struktura-osobowosci\\\/#respond\"]}]},{\"@type\":\"WebPage\",\"@id\":\"https:\\\/\\\/gabinetmysliwy.pl\\\/index.php\\\/2024\\\/09\\\/07\\\/struktura-osobowosci\\\/\",\"url\":\"https:\\\/\\\/gabinetmysliwy.pl\\\/index.php\\\/2024\\\/09\\\/07\\\/struktura-osobowosci\\\/\",\"name\":\"Struktura osobowo\u015bci - Agnieszka My\u015bliwy\",\"isPartOf\":{\"@id\":\"https:\\\/\\\/gabinetmysliwy.pl\\\/#website\"},\"datePublished\":\"2024-09-07T11:22:16+00:00\",\"dateModified\":\"2024-09-07T11:22:55+00:00\",\"author\":{\"@id\":\"https:\\\/\\\/gabinetmysliwy.pl\\\/#\\\/schema\\\/person\\\/6b9886acae5246afb8370c73a128591a\"},\"breadcrumb\":{\"@id\":\"https:\\\/\\\/gabinetmysliwy.pl\\\/index.php\\\/2024\\\/09\\\/07\\\/struktura-osobowosci\\\/#breadcrumb\"},\"inLanguage\":\"en-US\",\"potentialAction\":[{\"@type\":\"ReadAction\",\"target\":[\"https:\\\/\\\/gabinetmysliwy.pl\\\/index.php\\\/2024\\\/09\\\/07\\\/struktura-osobowosci\\\/\"]}]},{\"@type\":\"BreadcrumbList\",\"@id\":\"https:\\\/\\\/gabinetmysliwy.pl\\\/index.php\\\/2024\\\/09\\\/07\\\/struktura-osobowosci\\\/#breadcrumb\",\"itemListElement\":[{\"@type\":\"ListItem\",\"position\":1,\"name\":\"Strona g\u0142\u00f3wna\",\"item\":\"https:\\\/\\\/gabinetmysliwy.pl\\\/\"},{\"@type\":\"ListItem\",\"position\":2,\"name\":\"Struktura osobowo\u015bci\"}]},{\"@type\":\"WebSite\",\"@id\":\"https:\\\/\\\/gabinetmysliwy.pl\\\/#website\",\"url\":\"https:\\\/\\\/gabinetmysliwy.pl\\\/\",\"name\":\"Agnieszka My\u015bliwy\",\"description\":\"Gabinet psychologiczno psychoterapeutyczny\",\"potentialAction\":[{\"@type\":\"SearchAction\",\"target\":{\"@type\":\"EntryPoint\",\"urlTemplate\":\"https:\\\/\\\/gabinetmysliwy.pl\\\/?s={search_term_string}\"},\"query-input\":{\"@type\":\"PropertyValueSpecification\",\"valueRequired\":true,\"valueName\":\"search_term_string\"}}],\"inLanguage\":\"en-US\"},{\"@type\":\"Person\",\"@id\":\"https:\\\/\\\/gabinetmysliwy.pl\\\/#\\\/schema\\\/person\\\/6b9886acae5246afb8370c73a128591a\",\"name\":\"Agnieszka M.\",\"sameAs\":[\"http:\\\/\\\/gabinetmysliwy.pl\"],\"url\":\"https:\\\/\\\/gabinetmysliwy.pl\\\/index.php\\\/author\\\/admin4338\\\/\"}]}<\/script>\n<!-- \/ Yoast SEO plugin. -->","yoast_head_json":{"title":"Struktura osobowo\u015bci - Agnieszka My\u015bliwy","robots":{"index":"index","follow":"follow","max-snippet":"max-snippet:-1","max-image-preview":"max-image-preview:large","max-video-preview":"max-video-preview:-1"},"canonical":"https:\/\/gabinetmysliwy.pl\/index.php\/2024\/09\/07\/struktura-osobowosci\/","og_locale":"en_US","og_type":"article","og_title":"Struktura osobowo\u015bci - Agnieszka My\u015bliwy","og_description":"Struktura osobowo\u015bci wed\u0142ug Otto Kernberga, znanego psychologa i psychoanalityka, jest koncepcj\u0105, kt\u00f3ra odnosi si\u0119 do r\u00f3\u017cnych poziom\u00f3w organizacji osobowo\u015bci. Kernberg wyr\u00f3\u017cnia trzy g\u0142\u00f3wne typy osobowo\u015bci, kt\u00f3re r\u00f3\u017cni\u0105 si\u0119 pod wzgl\u0119dem z\u0142o\u017cono\u015bci i integracji. Oto kr\u00f3tki opis tych typ\u00f3w: Osobowo\u015b\u0107 psychotyczna Charakterystyka: Osoby z psychotyczn\u0105 struktur\u0105 osobowo\u015bci maj\u0105 powa\u017cne problemy z rzeczywisto\u015bci\u0105. Mog\u0105 do\u015bwiadcza\u0107 halucynacji, uroje\u0144 READ MORE","og_url":"https:\/\/gabinetmysliwy.pl\/index.php\/2024\/09\/07\/struktura-osobowosci\/","og_site_name":"Agnieszka My\u015bliwy","article_publisher":"https:\/\/www.facebook.com\/profile.php?id=100064282172855","article_published_time":"2024-09-07T11:22:16+00:00","article_modified_time":"2024-09-07T11:22:55+00:00","author":"Agnieszka M.","twitter_card":"summary_large_image","twitter_misc":{"Written by":"Agnieszka M.","Est. reading time":"2 minutes"},"schema":{"@context":"https:\/\/schema.org","@graph":[{"@type":"Article","@id":"https:\/\/gabinetmysliwy.pl\/index.php\/2024\/09\/07\/struktura-osobowosci\/#article","isPartOf":{"@id":"https:\/\/gabinetmysliwy.pl\/index.php\/2024\/09\/07\/struktura-osobowosci\/"},"author":{"name":"Agnieszka M.","@id":"https:\/\/gabinetmysliwy.pl\/#\/schema\/person\/6b9886acae5246afb8370c73a128591a"},"headline":"Struktura osobowo\u015bci","datePublished":"2024-09-07T11:22:16+00:00","dateModified":"2024-09-07T11:22:55+00:00","mainEntityOfPage":{"@id":"https:\/\/gabinetmysliwy.pl\/index.php\/2024\/09\/07\/struktura-osobowosci\/"},"wordCount":333,"commentCount":3,"inLanguage":"en-US","potentialAction":[{"@type":"CommentAction","name":"Comment","target":["https:\/\/gabinetmysliwy.pl\/index.php\/2024\/09\/07\/struktura-osobowosci\/#respond"]}]},{"@type":"WebPage","@id":"https:\/\/gabinetmysliwy.pl\/index.php\/2024\/09\/07\/struktura-osobowosci\/","url":"https:\/\/gabinetmysliwy.pl\/index.php\/2024\/09\/07\/struktura-osobowosci\/","name":"Struktura osobowo\u015bci - Agnieszka My\u015bliwy","isPartOf":{"@id":"https:\/\/gabinetmysliwy.pl\/#website"},"datePublished":"2024-09-07T11:22:16+00:00","dateModified":"2024-09-07T11:22:55+00:00","author":{"@id":"https:\/\/gabinetmysliwy.pl\/#\/schema\/person\/6b9886acae5246afb8370c73a128591a"},"breadcrumb":{"@id":"https:\/\/gabinetmysliwy.pl\/index.php\/2024\/09\/07\/struktura-osobowosci\/#breadcrumb"},"inLanguage":"en-US","potentialAction":[{"@type":"ReadAction","target":["https:\/\/gabinetmysliwy.pl\/index.php\/2024\/09\/07\/struktura-osobowosci\/"]}]},{"@type":"BreadcrumbList","@id":"https:\/\/gabinetmysliwy.pl\/index.php\/2024\/09\/07\/struktura-osobowosci\/#breadcrumb","itemListElement":[{"@type":"ListItem","position":1,"name":"Strona g\u0142\u00f3wna","item":"https:\/\/gabinetmysliwy.pl\/"},{"@type":"ListItem","position":2,"name":"Struktura osobowo\u015bci"}]},{"@type":"WebSite","@id":"https:\/\/gabinetmysliwy.pl\/#website","url":"https:\/\/gabinetmysliwy.pl\/","name":"Agnieszka My\u015bliwy","description":"Gabinet psychologiczno psychoterapeutyczny","potentialAction":[{"@type":"SearchAction","target":{"@type":"EntryPoint","urlTemplate":"https:\/\/gabinetmysliwy.pl\/?s={search_term_string}"},"query-input":{"@type":"PropertyValueSpecification","valueRequired":true,"valueName":"search_term_string"}}],"inLanguage":"en-US"},{"@type":"Person","@id":"https:\/\/gabinetmysliwy.pl\/#\/schema\/person\/6b9886acae5246afb8370c73a128591a","name":"Agnieszka M.","sameAs":["http:\/\/gabinetmysliwy.pl"],"url":"https:\/\/gabinetmysliwy.pl\/index.php\/author\/admin4338\/"}]}},"_links":{"self":[{"href":"https:\/\/gabinetmysliwy.pl\/index.php\/wp-json\/wp\/v2\/posts\/181","targetHints":{"allow":["GET"]}}],"collection":[{"href":"https:\/\/gabinetmysliwy.pl\/index.php\/wp-json\/wp\/v2\/posts"}],"about":[{"href":"https:\/\/gabinetmysliwy.pl\/index.php\/wp-json\/wp\/v2\/types\/post"}],"author":[{"embeddable":true,"href":"https:\/\/gabinetmysliwy.pl\/index.php\/wp-json\/wp\/v2\/users\/1"}],"replies":[{"embeddable":true,"href":"https:\/\/gabinetmysliwy.pl\/index.php\/wp-json\/wp\/v2\/comments?post=181"}],"version-history":[{"count":4,"href":"https:\/\/gabinetmysliwy.pl\/index.php\/wp-json\/wp\/v2\/posts\/181\/revisions"}],"predecessor-version":[{"id":185,"href":"https:\/\/gabinetmysliwy.pl\/index.php\/wp-json\/wp\/v2\/posts\/181\/revisions\/185"}],"wp:attachment":[{"href":"https:\/\/gabinetmysliwy.pl\/index.php\/wp-json\/wp\/v2\/media?parent=181"}],"wp:term":[{"taxonomy":"category","embeddable":true,"href":"https:\/\/gabinetmysliwy.pl\/index.php\/wp-json\/wp\/v2\/categories?post=181"},{"taxonomy":"post_tag","embeddable":true,"href":"https:\/\/gabinetmysliwy.pl\/index.php\/wp-json\/wp\/v2\/tags?post=181"}],"curies":[{"name":"wp","href":"https:\/\/api.w.org\/{rel}","templated":true}]}}